{"id":18,"date":"2023-07-12T22:26:54","date_gmt":"2023-07-12T22:26:54","guid":{"rendered":"http:\/\/carloscabranesasesor.com\/blog\/?p=18"},"modified":"2023-07-12T22:26:54","modified_gmt":"2023-07-12T22:26:54","slug":"gastos-medicos-a-tus-empleados","status":"publish","type":"post","link":"http:\/\/carloscabranesasesor.com\/blog\/2023\/07\/12\/gastos-medicos-a-tus-empleados\/","title":{"rendered":"GASTOS M\u00c9DICOS A TUS EMPLEADOS."},"content":{"rendered":"\n<p>\u00bfPorque se considera ser una excelente prestaci\u00f3n laboral ?<\/p>\n\n\n\n<p>Este tipo de prestaci\u00f3n es <strong>altamente Valorada<\/strong> por nuestros empleados, ya que representa un incentivo adicional para permanecer en la empresa, o para eligirla frente a otras opciones.<\/p>\n\n\n\n<p>El sentimiento de sentirnos protegidos ante una enfermedad o accidente, se traducir\u00e1 en un estado de <strong>tranquilidad emocional<\/strong> en nuestro trabajador el cual influir\u00e1 en una mayor productividad en el desempe\u00f1o de su trabajo.<\/p>\n\n\n\n<p>Adem\u00e1s al&nbsp; saber que su salud y el de su familia se encuentra financieramente asegurada, y el poder tener la posibilidad de tratarse con una serie de m\u00e9dicos especialistas y el tener acceso a los mejores hospitales privados, contribuir\u00e1 a fortalecer la <strong>lealtad <\/strong>que tendr\u00e1 tu empleado hacia la compa\u00f1\u00eda, tray\u00e9ndole como consecuencia&nbsp; a la compa\u00f1\u00eda un <strong>menor \u00edndice de rotaci\u00f3n<\/strong>, y con esto menores gastos de contrataci\u00f3n y capacitaci\u00f3n.<\/p>\n\n\n\n<p>La contrataci\u00f3n de este tipo de seguros representa un excelente estimulo fiscal para las compa\u00f1\u00edas, ya que fiscalmente son considerados como deducibles por ser considerados un gasto social.<\/p>\n\n\n\n<figure class=\"wp-block-image size-full\"><img loading=\"lazy\" decoding=\"async\" width=\"900\" height=\"600\" src=\"http:\/\/carloscabranesasesor.com\/blog\/wp-content\/uploads\/2023\/07\/Seguros.jpeg\" alt=\"\" class=\"wp-image-19\"\/><\/figure>\n","protected":false},"excerpt":{"rendered":"<p>\u00bfPorque se considera ser una excelente prestaci\u00f3n laboral ? Este tipo de prestaci\u00f3n es altamente Valorada por nuestros empleados, ya que representa un incentivo adicional para permanecer en la empresa, o para eligirla frente a otras opciones. El sentimiento de sentirnos protegidos ante una enfermedad o accidente, se traducir\u00e1 en <a href=\"http:\/\/carloscabranesasesor.com\/blog\/2023\/07\/12\/gastos-medicos-a-tus-empleados\/\" class=\"btn btn-link continue-link\">Seguir leyendo<\/a><\/p>\n","protected":false},"author":1,"featured_media":20,"comment_status":"closed","ping_status":"closed","sticky":false,"template":"","format":"standard","meta":{"footnotes":""},"categories":[1],"tags":[],"class_list":["post-18","post","type-post","status-publish","format-standard","has-post-thumbnail","hentry","category-sin-categoria"],"_links":{"self":[{"href":"http:\/\/carloscabranesasesor.com\/blog\/wp-json\/wp\/v2\/posts\/18","targetHints":{"allow":["GET"]}}],"collection":[{"href":"http:\/\/carloscabranesasesor.com\/blog\/wp-json\/wp\/v2\/posts"}],"about":[{"href":"http:\/\/carloscabranesasesor.com\/blog\/wp-json\/wp\/v2\/types\/post"}],"author":[{"embeddable":true,"href":"http:\/\/carloscabranesasesor.com\/blog\/wp-json\/wp\/v2\/users\/1"}],"replies":[{"embeddable":true,"href":"http:\/\/carloscabranesasesor.com\/blog\/wp-json\/wp\/v2\/comments?post=18"}],"version-history":[{"count":1,"href":"http:\/\/carloscabranesasesor.com\/blog\/wp-json\/wp\/v2\/posts\/18\/revisions"}],"predecessor-version":[{"id":21,"href":"http:\/\/carloscabranesasesor.com\/blog\/wp-json\/wp\/v2\/posts\/18\/revisions\/21"}],"wp:featuredmedia":[{"embeddable":true,"href":"http:\/\/carloscabranesasesor.com\/blog\/wp-json\/wp\/v2\/media\/20"}],"wp:attachment":[{"href":"http:\/\/carloscabranesasesor.com\/blog\/wp-json\/wp\/v2\/media?parent=18"}],"wp:term":[{"taxonomy":"category","embeddable":true,"href":"http:\/\/carloscabranesasesor.com\/blog\/wp-json\/wp\/v2\/categories?post=18"},{"taxonomy":"post_tag","embeddable":true,"href":"http:\/\/carloscabranesasesor.com\/blog\/wp-json\/wp\/v2\/tags?post=18"}],"curies":[{"name":"wp","href":"https:\/\/api.w.org\/{rel}","templated":true}]}}